{"@context":"https:\/\/schema.org\/","@type":"CollectionPage","@id":"https:\/\/www.magas.cz\/zvirata\/#CollectionPage","headline":"Zv\u00ed\u0159ata Category","description":"","url":"https:\/\/www.magas.cz\/zvirata\/","hasPart":[{"@type":"Article","@id":"https:\/\/www.magas.cz\/jak-by-se-lide-meli-nebo-nemeli-chovat-ke-zviratum\/","headline":"Jak by se lid\u00e9 m\u011bli nebo nem\u011bli chovat ke zv\u00ed\u0159at\u016fm?","url":"https:\/\/www.magas.cz\/jak-by-se-lide-meli-nebo-nemeli-chovat-ke-zviratum\/","datePublished":"2022-10-24","dateModified":"2023-05-06","mainEntityOfPage":"https:\/\/www.magas.cz\/jak-by-se-lide-meli-nebo-nemeli-chovat-ke-zviratum\/","author":{"@type":"Person","@id":"https:\/\/www.magas.cz\/author\/devene\/#Person","name":"devene","url":"https:\/\/www.magas.cz\/author\/devene\/","identifier":1,"image":{"@type":"ImageObject","@id":"https:\/\/secure.gravatar.com\/avatar\/f2ab007ed309e3d84abcf4139c5580b2bc94c721f9294eeb027f25de56e0a35e?s=96&d=mm&r=g","url":"https:\/\/secure.gravatar.com\/avatar\/f2ab007ed309e3d84abcf4139c5580b2bc94c721f9294eeb027f25de56e0a35e?s=96&d=mm&r=g","height":96,"width":96}},"publisher":{"@type":"Organization","name":"magas.cz","logo":{"@type":"ImageObject","@id":"\/logo.png","url":"\/logo.png","width":600,"height":60}},"image":{"@type":"ImageObject","@id":"https:\/\/www.magas.cz\/wp-content\/uploads\/zvi%C5%99e.JPG","url":"https:\/\/www.magas.cz\/wp-content\/uploads\/zvi%C5%99e.JPG","height":0,"width":0},"keywords":null},{"@type":"Article","@id":"https:\/\/www.magas.cz\/proc-byste-se-meli-starat-o-zuby-sveho-mazlicka\/","headline":"Pro\u010d byste se m\u011bli starat o zuby sv\u00e9ho mazl\u00ed\u010dka","url":"https:\/\/www.magas.cz\/proc-byste-se-meli-starat-o-zuby-sveho-mazlicka\/","datePublished":"2022-05-23","dateModified":"2023-05-06","mainEntityOfPage":"https:\/\/www.magas.cz\/proc-byste-se-meli-starat-o-zuby-sveho-mazlicka\/","author":{"@type":"Person","@id":"https:\/\/www.magas.cz\/author\/devene\/#Person","name":"devene","url":"https:\/\/www.magas.cz\/author\/devene\/","identifier":1,"image":{"@type":"ImageObject","@id":"https:\/\/secure.gravatar.com\/avatar\/f2ab007ed309e3d84abcf4139c5580b2bc94c721f9294eeb027f25de56e0a35e?s=96&d=mm&r=g","url":"https:\/\/secure.gravatar.com\/avatar\/f2ab007ed309e3d84abcf4139c5580b2bc94c721f9294eeb027f25de56e0a35e?s=96&d=mm&r=g","height":96,"width":96}},"publisher":{"@type":"Organization","name":"magas.cz","logo":{"@type":"ImageObject","@id":"\/logo.png","url":"\/logo.png","width":600,"height":60}},"image":{"@type":"ImageObject","@id":"https:\/\/www.magas.cz\/wp-content\/uploads\/bulldog-1224267_960_720_7.jpg","url":"https:\/\/www.magas.cz\/wp-content\/uploads\/bulldog-1224267_960_720_7.jpg","height":0,"width":0},"keywords":null},{"@type":"Article","@id":"https:\/\/www.magas.cz\/papousek-vlnkovany\/","headline":"Papou\u0161ek vlnkovan\u00fd","url":"https:\/\/www.magas.cz\/papousek-vlnkovany\/","datePublished":"2022-02-22","dateModified":"2025-02-01","mainEntityOfPage":"https:\/\/www.magas.cz\/papousek-vlnkovany\/","author":{"@type":"Person","@id":"https:\/\/www.magas.cz\/author\/devene\/#Person","name":"devene","url":"https:\/\/www.magas.cz\/author\/devene\/","identifier":1,"image":{"@type":"ImageObject","@id":"https:\/\/secure.gravatar.com\/avatar\/f2ab007ed309e3d84abcf4139c5580b2bc94c721f9294eeb027f25de56e0a35e?s=96&d=mm&r=g","url":"https:\/\/secure.gravatar.com\/avatar\/f2ab007ed309e3d84abcf4139c5580b2bc94c721f9294eeb027f25de56e0a35e?s=96&d=mm&r=g","height":96,"width":96}},"publisher":{"@type":"Organization","name":"magas.cz","logo":{"@type":"ImageObject","@id":"\/logo.png","url":"\/logo.png","width":600,"height":60}},"image":{"@type":"ImageObject","@id":"https:\/\/www.magas.cz\/wp-content\/uploads\/pexels-tom-dasko-10769923.jpg","url":"https:\/\/www.magas.cz\/wp-content\/uploads\/pexels-tom-dasko-10769923.jpg","height":0,"width":0},"keywords":null},{"@type":"Article","@id":"https:\/\/www.magas.cz\/i-vy-muzete-mit-domaciho-mazlicka\/","headline":"I vy m\u016f\u017eete m\u00edt dom\u00e1c\u00edho mazl\u00ed\u010dka!","url":"https:\/\/www.magas.cz\/i-vy-muzete-mit-domaciho-mazlicka\/","datePublished":"2020-09-10","dateModified":"2023-05-06","mainEntityOfPage":"https:\/\/www.magas.cz\/i-vy-muzete-mit-domaciho-mazlicka\/","author":{"@type":"Person","@id":"https:\/\/www.magas.cz\/author\/devene\/#Person","name":"devene","url":"https:\/\/www.magas.cz\/author\/devene\/","identifier":1,"image":{"@type":"ImageObject","@id":"https:\/\/secure.gravatar.com\/avatar\/f2ab007ed309e3d84abcf4139c5580b2bc94c721f9294eeb027f25de56e0a35e?s=96&d=mm&r=g","url":"https:\/\/secure.gravatar.com\/avatar\/f2ab007ed309e3d84abcf4139c5580b2bc94c721f9294eeb027f25de56e0a35e?s=96&d=mm&r=g","height":96,"width":96}},"publisher":{"@type":"Organization","name":"magas.cz","logo":{"@type":"ImageObject","@id":"\/logo.png","url":"\/logo.png","width":600,"height":60}},"image":{"@type":"ImageObject","@id":"https:\/\/www.magas.cz\/wp-content\/uploads\/img_a299511_w1735_t1509464516.jpg","url":"https:\/\/www.magas.cz\/wp-content\/uploads\/img_a299511_w1735_t1509464516.jpg","height":0,"width":0},"keywords":null}]}