[{"@context":"https:\/\/schema.org\/","@type":"Article","@id":"https:\/\/www.magas.cz\/preprava-rozmerneho-nakladu\/#Article","mainEntityOfPage":"https:\/\/www.magas.cz\/preprava-rozmerneho-nakladu\/","headline":"P\u0159eprava rozm\u011brn\u00e9ho n\u00e1kladu","name":"P\u0159eprava rozm\u011brn\u00e9ho n\u00e1kladu","description":"P\u0159esun materi\u00e1lu \u010di zbo\u017e\u00ed se st\u00e1v\u00e1 mnohdy probl\u00e9mem, proto\u017ee kapacita kufru osobn\u00edho automobilu je zna\u010dn\u011b omezen\u00e1. U...","datePublished":"2020-08-07","dateModified":"2024-07-07","author":{"@type":"Person","@id":"https:\/\/www.magas.cz\/author\/devene\/#Person","name":"devene","url":"https:\/\/www.magas.cz\/author\/devene\/","identifier":1,"image":{"@type":"ImageObject","@id":"https:\/\/secure.gravatar.com\/avatar\/f2ab007ed309e3d84abcf4139c5580b2bc94c721f9294eeb027f25de56e0a35e?s=96&d=mm&r=g","url":"https:\/\/secure.gravatar.com\/avatar\/f2ab007ed309e3d84abcf4139c5580b2bc94c721f9294eeb027f25de56e0a35e?s=96&d=mm&r=g","height":96,"width":96}},"publisher":{"@type":"Organization","name":"magas.cz","logo":{"@type":"ImageObject","@id":"\/logo.png","url":"\/logo.png","width":600,"height":60}},"image":{"@type":"ImageObject","@id":"https:\/\/www.magas.cz\/wp-content\/uploads\/pneumatika%20cestov%C3%A1n%C3%AD.jpg","url":"https:\/\/www.magas.cz\/wp-content\/uploads\/pneumatika%20cestov%C3%A1n%C3%AD.jpg","height":0,"width":0},"url":"https:\/\/www.magas.cz\/preprava-rozmerneho-nakladu\/","about":["Slu\u017eby"],"wordCount":464,"articleBody":" P\u0159esun materi\u00e1lu \u010di zbo\u017e\u00ed se st\u00e1v\u00e1 mnohdy probl\u00e9mem, proto\u017ee kapacita kufru osobn\u00edho automobilu je zna\u010dn\u011b omezen\u00e1. U dod\u00e1vky je prostor mnohem v\u011bt\u0161\u00ed.P\u0159eprava rozm\u011brn\u00e9ho n\u00e1kladuP\u0159evoz osobn\u00edm autemSoukrom\u00e1 i podnikatelsk\u00e1 osoba mnohdy pot\u0159ebuje p\u0159ev\u00e9st v\u011bt\u0161\u00ed \u010di rozm\u011brn\u011bj\u0161\u00ed n\u00e1klad. Z\u00e1le\u017e\u00ed, jak moc je velk\u00fd a jak\u00e9 m\u00e1te auto, p\u0159i\u010dem\u017e dlouh\u00e9 vozy varianty kombi uvezou samoz\u0159ejm\u011b v\u00edce a v\u00edce se toho do nich vleze. Ov\u0161em t\u0159eba budete pot\u0159ebovat koupit novou sk\u0159\u00ed\u0148, kter\u00e1 se do osobn\u00edho auta prost\u011b nevleze. Pokud bude n\u00e1klad lehk\u00fd, tak se d\u00e1 je\u0161t\u011b probl\u00e9m vy\u0159e\u0161it upevn\u011bn\u00edm na st\u0159echu, k \u010demu\u017e jsou zapot\u0159eb\u00ed speci\u00e1ln\u00ed dr\u017e\u00e1ky pro dan\u00fd v\u016fz. Jestli\u017ee n\u00e1klad p\u0159e\u010dn\u00edv\u00e1, tak jej podle z\u00e1kona nezapome\u0148te ozna\u010dit \u010derven\u00fdm praporkem s rozm\u011bry 30&#215;30 cm, aby n\u00e1klad ostatn\u00ed \u0159idi\u010di nep\u0159ehl\u00e9dli a nehrozilo po\u0161kozen\u00ed majetku \u010di zdrav\u00ed. Bohu\u017eel v n\u011bkter\u00fdch p\u0159\u00edpadech byste museli jet vozem n\u011bkolikr\u00e1t, co\u017e zabere hodn\u011b \u010dasu a spot\u0159ebuje velk\u00e9 mno\u017estv\u00ed pohonn\u00fdch hmot. P\u0159i nalo\u017een\u00ed nav\u00edc spot\u0159eba nar\u016fst\u00e1 a v\u00edce se opot\u0159ebov\u00e1vaj\u00ed sou\u010d\u00e1stky Va\u0161eho vozu, tak\u017ee ve fin\u00e1le se takov\u00e1 doprava ekonomicky nevyplat\u00ed a je lep\u0161\u00ed naj\u00edt jin\u00ed \u0159e\u0161en\u00ed.P\u016fj\u010dovnaMezi dal\u0161\u00ed zp\u016fsoby \u0159e\u0161en\u00ed p\u0159epravy m\u016f\u017eeme rozhodn\u011b za\u0159adit zap\u016fj\u010den\u00ed p\u0159\u00edv\u011bsn\u00e9ho voz\u00edku, proto\u017ee ten nab\u00edz\u00ed slu\u0161n\u00fd prostor nav\u00edc. Podm\u00ednkou je zde m\u00edt za autem ta\u017en\u00e9 za\u0159\u00edzen\u00ed k bezpe\u010dn\u00e9mu p\u0159ipojen\u00ed. N\u011bkdy ani tato varianta nesta\u010d\u00ed a t\u0159eba pokud se chyst\u00e1te st\u011bhovat, tak rovnou nav\u0161tivte P\u016fj\u010dovnu dod\u00e1vek Praha, proto\u017ee zde maj\u00ed \u0161irok\u00fd vozov\u00fd park rozm\u011brn\u00fdch vozidle, kter\u00e9 si porad\u00ed i s vo\u017een\u00edm materi\u00e1lu na stavbu. Je to hlavn\u011b d\u00edky jejich dobr\u00e9mu technick\u00e9mu stavu, o kter\u00fd se star\u00e1 pravideln\u00fd servis. Tak\u017ee se na dod\u00e1vku m\u016f\u017eete kdykoliv spolehnout, proto\u017ee ani p\u0159i pln\u00e9m nalo\u017een\u00ed V\u00e1s nezklame. P\u016fj\u010den\u00ed je velmi snadn\u00e9 a rychl\u00e9, proto\u017ee je tu skv\u011bl\u00ed person\u00e1l, jen\u017e se postar\u00e1 o rychl\u00e9 obslou\u017een\u00ed z\u00e1kazn\u00edka. M\u016f\u017eete se klidn\u011b na cokoliv zeptat, proto\u017ee tato spole\u010dnost V\u00e1m vyjde vst\u0159\u00edc. Nav\u00edc m\u016f\u017eete p\u016fj\u010den\u00e9 vozidlo parkovat v are\u00e1lu firmy, proto\u017ee ten je oplocen\u00fd a nehroz\u00ed zde \u017e\u00e1dn\u00e1 kr\u00e1de\u017e ani po\u0161kozen\u00ed.                                                                                                                                                                                                                                                                                                                                                                                         4.1\/5 - (14 votes)        "},{"@context":"https:\/\/schema.org\/","@type":"BreadcrumbList","itemListElement":[{"@type":"ListItem","position":1,"name":"P\u0159eprava rozm\u011brn\u00e9ho n\u00e1kladu","item":"https:\/\/www.magas.cz\/preprava-rozmerneho-nakladu\/#breadcrumbitem"}]}]