[{"@context":"https:\/\/schema.org\/","@type":"Article","@id":"https:\/\/www.magas.cz\/komoda-na-chalupu-patri\/#Article","mainEntityOfPage":"https:\/\/www.magas.cz\/komoda-na-chalupu-patri\/","headline":"Komoda na chalupu pat\u0159\u00ed","name":"Komoda na chalupu pat\u0159\u00ed","description":"Komoda, nepostradateln\u00fd kus n\u00e1bytku. Vyu\u017e\u00edt ji m\u016f\u017eete jako variabiln\u00ed \u00falo\u017en\u00fd prostor. Hod\u00ed se k ukl\u00e1d\u00e1n\u00ed pr\u00e1dla, k...","datePublished":"2021-08-11","dateModified":"2023-05-06","author":{"@type":"Person","@id":"https:\/\/www.magas.cz\/author\/devene\/#Person","name":"devene","url":"https:\/\/www.magas.cz\/author\/devene\/","identifier":1,"image":{"@type":"ImageObject","@id":"https:\/\/secure.gravatar.com\/avatar\/f2ab007ed309e3d84abcf4139c5580b2bc94c721f9294eeb027f25de56e0a35e?s=96&d=mm&r=g","url":"https:\/\/secure.gravatar.com\/avatar\/f2ab007ed309e3d84abcf4139c5580b2bc94c721f9294eeb027f25de56e0a35e?s=96&d=mm&r=g","height":96,"width":96}},"publisher":{"@type":"Organization","name":"magas.cz","logo":{"@type":"ImageObject","@id":"\/logo.png","url":"\/logo.png","width":600,"height":60}},"image":{"@type":"ImageObject","@id":"https:\/\/www.magas.cz\/wp-content\/uploads\/closet-ga081e07b5_1920.jpg","url":"https:\/\/www.magas.cz\/wp-content\/uploads\/closet-ga081e07b5_1920.jpg","height":0,"width":0},"url":"https:\/\/www.magas.cz\/komoda-na-chalupu-patri\/","about":["Nakupov\u00e1n\u00ed"],"wordCount":421,"articleBody":"      Komoda, nepostradateln\u00fd kus n\u00e1bytku. Vyu\u017e\u00edt ji m\u016f\u017eete jako variabiln\u00ed \u00falo\u017en\u00fd prostor. Hod\u00ed se k ukl\u00e1d\u00e1n\u00ed pr\u00e1dla, k \u00faschov\u011b pe\u0159in nebo drobnost\u00ed, kter\u00e9 nechcete m\u00edt st\u00e1le na o\u010d\u00edch. Podle v\u011bc\u00ed, kter\u00e9 se chyst\u00e1te do komody ulo\u017eit si m\u016f\u017eete vybrat velikost i vnit\u0159n\u00ed roz\u010dlen\u011bn\u00ed. N\u011bkdo d\u00e1 p\u0159ednost polic\u00edm, n\u011bkomu budou vyhovovat z\u00e1suvky. Ide\u00e1ln\u00ed je kombinace oboj\u00edho. N\u011bkter\u00e9 tyto praktick\u00e9 kusy n\u00e1bytku mohou b\u00fdt i \u010d\u00e1ste\u010dn\u011b prosklen\u00e9 nebo maj\u00ed otev\u0159en\u00e9 police. Vyb\u00edrat budete nejsp\u00ed\u0161 nejen podle \u00fa\u010delnosti, ale tak\u00e9 podle designu, velikosti a materi\u00e1lu, kter\u00fd byl pou\u017eit k v\u00fdrob\u011b. Jinak bude vypadat komoda na chalupu po\u0159izovan\u00e1 do interi\u00e9ru star\u00e9ho staven\u00ed. Na komod\u011b ve star\u00e9m nebo retro stylu v\u00e1s m\u016f\u017ee zaujmout t\u0159eba i zaj\u00edmav\u00e9 kov\u00e1n\u00ed. Jin\u00fd tvar i design tohoto n\u00e1bytku bude v p\u0159\u00edpad\u011b um\u00edst\u011bn\u00ed do modern\u00edho stroh\u00e9ho prostoru.P\u0159i v\u00fdb\u011bru za\u010dn\u011bte velikost\u00ed, kam komodu um\u00edst\u00edte, a jak velk\u00fd prostor na n\u00e1bytek m\u00e1te. Zm\u011b\u0159te si rozm\u011bry. Design p\u0159izp\u016fsobte m\u00edstnosti, kde bude \u00falo\u017en\u00fd kus n\u00e1bytku um\u00edst\u011bn, aby v\u00e1m ladil s ostatn\u00edm vybaven\u00edm. V lo\u017enici v\u00e1m nejsp\u00ed\u0161 posta\u010d\u00ed oby\u010dejn\u011bj\u0161\u00ed komoda ne\u017e ta, kter\u00e1 bude dominantn\u00edm kusem n\u00e1bytku t\u0159eba v ob\u00fdvac\u00edm pokoji. Tady m\u016f\u017eete pou\u017e\u00edt i \u00falo\u017enou sk\u0159\u00ed\u0148ku \u010d\u00e1ste\u010dn\u011b prosklenou, kter\u00e1 bude p\u016fsobit zaj\u00edmav\u00fdm dojmem. Nevylu\u010duj\u00ed si ani kombinace barev, kter\u00e9 byly \u010dasto pou\u017eity p\u0159i v\u00fdrob\u011b retro n\u00e1bytku.Komoda z masivn\u00edho d\u0159eva s ozdobn\u00fdm kov\u00e1n\u00edm ur\u010dit\u011b zaujme na chalup\u011b, kde se m\u016f\u017ee st\u00e1t sou\u010d\u00e1st\u00ed j\u00eddelny nebo centr\u00e1ln\u00ed ob\u00fdvac\u00ed m\u00edstnosti. U masivn\u00edho d\u0159eva by v\u00e1s m\u011bla zaj\u00edmat i nutnost \u00fadr\u017eby. N\u011bkter\u00e9 d\u0159ev\u011bn\u00e9 materi\u00e1ly pot\u0159ebuj\u00ed jednou za \u010das o\u0161et\u0159it voskem nebo olejem. M\u00e1te-li \u010das dejte p\u0159ednost v\u00fdb\u011bru v kamenn\u00e9m obchod\u011b. Na n\u00e1bytek si m\u016f\u017eete s\u00e1hnout. Zjist\u00edte jeho stabilitu, hloubku a velikost z\u00e1suvek i syst\u00e9m otev\u00edr\u00e1n\u00ed dve\u0159\u00ed \u0161upl\u00edk\u016f. Tyto informace ocen\u00edte i v p\u0159\u00edpad\u011b, \u017ee \u00falo\u017enou sk\u0159\u00ed\u0148 po\u0159izujete do d\u011btsk\u00e9ho pokoje.                                                                                                                                                                                                                                                                                                                                                                                          5\/5 - (1 vote)        "},{"@context":"https:\/\/schema.org\/","@type":"BreadcrumbList","itemListElement":[{"@type":"ListItem","position":1,"name":"Komoda na chalupu pat\u0159\u00ed","item":"https:\/\/www.magas.cz\/komoda-na-chalupu-patri\/#breadcrumbitem"}]}]