[{"@context":"https:\/\/schema.org\/","@type":"Article","@id":"https:\/\/www.magas.cz\/deti-maji-o-zabavu-postarano\/#Article","mainEntityOfPage":"https:\/\/www.magas.cz\/deti-maji-o-zabavu-postarano\/","headline":"D\u011bti maj\u00ed o z\u00e1bavu postar\u00e1no","name":"D\u011bti maj\u00ed o z\u00e1bavu postar\u00e1no","description":"Ve \u0161kole dnes va\u0161im d\u011btem ozn\u00e1mili, kdy se bude konat jejich obl\u00edben\u00fd ma\u0161karn\u00ed b\u00e1l, tak\u017ee o\u010dek\u00e1v\u00e1te, \u017ee...","datePublished":"2024-10-29","dateModified":"2024-10-29","author":{"@type":"Person","@id":"https:\/\/www.magas.cz\/author\/devene\/#Person","name":"devene","url":"https:\/\/www.magas.cz\/author\/devene\/","identifier":1,"image":{"@type":"ImageObject","@id":"https:\/\/secure.gravatar.com\/avatar\/f2ab007ed309e3d84abcf4139c5580b2bc94c721f9294eeb027f25de56e0a35e?s=96&d=mm&r=g","url":"https:\/\/secure.gravatar.com\/avatar\/f2ab007ed309e3d84abcf4139c5580b2bc94c721f9294eeb027f25de56e0a35e?s=96&d=mm&r=g","height":96,"width":96}},"publisher":{"@type":"Organization","name":"magas.cz","logo":{"@type":"ImageObject","@id":"\/logo.png","url":"\/logo.png","width":600,"height":60}},"url":"https:\/\/www.magas.cz\/deti-maji-o-zabavu-postarano\/","wordCount":278,"articleBody":"\tVe \u0161kole dnes va\u0161im d\u011btem ozn\u00e1mili, kdy se bude konat jejich obl\u00edben\u00fd ma\u0161karn\u00ed b\u00e1l, tak\u017ee o\u010dek\u00e1v\u00e1te, \u017ee p\u0159\u00ed\u0161t\u00ed m\u011bs\u00edc u\u017e budete poslouchat pouze p\u0159\u00edb\u011bhy na toto t\u00e9ma. Va\u0161e d\u011bti toti\u017e ma\u0161karn\u00ed b\u00e1l doslova miluj\u00ed a u\u017e se ho nemohou do\u010dkat. Pro n\u011b snad v\u00a0pr\u016fb\u011bhu roku neexistuje v\u011bt\u0161\u00ed ud\u00e1lost ne\u017e tato, pokud tedy pominete hlavn\u00ed letn\u00ed pr\u00e1zdniny a v\u00e1noce, kter\u00e9 p\u0159ece jen v\u00a0jejich \u017eeb\u0159\u00ed\u010dku hodnot stoj\u00ed je\u0161t\u011b o stup\u00ednek \u010di dva v\u00fd\u0161e. Nicm\u00e9n\u011b i vy si tento term\u00edn mus\u00edte zapsat do kalend\u00e1\u0159e, proto\u017ee va\u0161e d\u011bti nejsou jedin\u00e9, kdo se na n\u011bj mus\u00ed nachystat.\tZa co letos p\u016fjdouTak za prv\u00e9 je to spole\u010dn\u00fd b\u00e1l d\u011bt\u00ed a rodi\u010d\u016f, tak\u017ee i kdy\u017e pro rodi\u010de nejsou masky povinn\u00e9, tak z\u00fa\u010dastnit se ho rozhodn\u011b mus\u00edte. A za druh\u00e9, zaji\u0161t\u011bn\u00ed masek pro va\u0161e d\u011bti bude op\u011bt jen a jen na v\u00e1s, tak\u017ee nast\u00e1v\u00e1 nejvy\u0161\u0161\u00ed \u010das proto, abyste za\u010dala pracovat na tom, aby se va\u0161e d\u011bti b\u011bhem n\u00e1sleduj\u00edc\u00edch dvou t\u00fddn\u016f definitivn\u011b rozhodly, za co p\u016fjdou. Ono se to mo\u017en\u00e1 m\u016f\u017ee zd\u00e1t ban\u00e1ln\u00ed, ale dosp\u011bt k\u00a0takov\u00e9mu rozhodnut\u00ed nen\u00ed v\u016fbec jednoduch\u00e9, nebo\u0165 se den ode dne m\u011bn\u00ed, a kdy\u017e to budete nech\u00e1vat na posledn\u00ed chv\u00edli, tak u\u017e na v\u00e1s nemus\u00ed z\u016fstat \u017e\u00e1dn\u00e9 karnevalov\u00e9 kost\u00fdmy.                                                                                                                                                                                                                                                                                                                                                                                        5\/5 - (1 vote)        "},{"@context":"https:\/\/schema.org\/","@type":"BreadcrumbList","itemListElement":[{"@type":"ListItem","position":1,"name":"D\u011bti maj\u00ed o z\u00e1bavu postar\u00e1no","item":"https:\/\/www.magas.cz\/deti-maji-o-zabavu-postarano\/#breadcrumbitem"}]}]