[{"@context":"https:\/\/schema.org\/","@type":"Article","@id":"https:\/\/www.magas.cz\/co-s-ucetnictvim\/#Article","mainEntityOfPage":"https:\/\/www.magas.cz\/co-s-ucetnictvim\/","headline":"Co s \u00fa\u010detnictv\u00edm?","name":"Co s \u00fa\u010detnictv\u00edm?","description":"\u00da\u010detnictv\u00ed dnes je v\u011bda. Z\u00e1kony, kter\u00e9 jsou stabiln\u00ed a pom\u011brn\u011b logick\u00e9, zvl\u00e1\u0161t\u011b v posledn\u00ed dob\u011b upravuj\u00ed r\u016fzn\u00e9...","datePublished":"2022-02-09","dateModified":"2023-05-06","author":{"@type":"Person","@id":"https:\/\/www.magas.cz\/author\/devene\/#Person","name":"devene","url":"https:\/\/www.magas.cz\/author\/devene\/","identifier":1,"image":{"@type":"ImageObject","@id":"https:\/\/secure.gravatar.com\/avatar\/f2ab007ed309e3d84abcf4139c5580b2bc94c721f9294eeb027f25de56e0a35e?s=96&d=mm&r=g","url":"https:\/\/secure.gravatar.com\/avatar\/f2ab007ed309e3d84abcf4139c5580b2bc94c721f9294eeb027f25de56e0a35e?s=96&d=mm&r=g","height":96,"width":96}},"publisher":{"@type":"Organization","name":"magas.cz","logo":{"@type":"ImageObject","@id":"\/logo.png","url":"\/logo.png","width":600,"height":60}},"image":{"@type":"ImageObject","@id":"https:\/\/www.magas.cz\/wp-content\/uploads\/dane_2UMAqm.jpg","url":"https:\/\/www.magas.cz\/wp-content\/uploads\/dane_2UMAqm.jpg","height":0,"width":0},"url":"https:\/\/www.magas.cz\/co-s-ucetnictvim\/","about":["Slu\u017eby"],"wordCount":420,"articleBody":"        \u00da\u010detnictv\u00ed dnes je v\u011bda. Z\u00e1kony, kter\u00e9 jsou stabiln\u00ed a pom\u011brn\u011b logick\u00e9, zvl\u00e1\u0161t\u011b v posledn\u00ed dob\u011b upravuj\u00ed r\u016fzn\u00e9 vyhl\u00e1\u0161ky, \u00fapravy, p\u0159edpisy a podobn\u011b. Doba Covidov\u00e1 tomu nasadila korunu. Na to abyste dos\u00e1hli na r\u016fzn\u00e9 kompenzace, mus\u00edte m\u00edt \u00fa\u010detnictv\u00ed naprosto bezchybn\u00e9, doslova nepr\u016fst\u0159eln\u00e9. Mo\u017en\u00e1 byste na kompenzaci dos\u00e1hli i s n\u011bjakou tou chybou, ale p\u0159i zp\u011btn\u00e9 kontrole byste ji p\u0159i nejmen\u0161\u00edm museli vr\u00e1tit. P\u0159inejmen\u0161\u00edm proto, \u017ee by z\u0159ejm\u011b po on\u00e9 vratce, n\u00e1sledovala i n\u011bjak\u00e1 ta pokuta. A jak jsou po minul\u00e9 vl\u00e1d\u011b Finan\u010dn\u00ed \u00fa\u0159ady v r\u00e1\u017ei, pokuty by jist\u011b nebyly mal\u00e9.  Mysl\u00edm, \u017ee nejsem s\u00e1m, kdo je p\u0159esv\u011bd\u010den\u00fd o tom, \u017ee \u00fa\u010detnictv\u00ed je dobr\u00e9 sv\u011b\u0159it n\u011bkomu, kdo se v n\u011bm dokonale vyzn\u00e1. T\u011bch povinnost\u00ed s n\u00edm spojen\u00fdch je u\u017e tolik, \u017ee pr\u00e1ce na \u00fa\u010detnictv\u00ed ub\u00edr\u00e1 \u010das z pr\u00e1ce na vlastn\u00edch projektech. A to je \u0161patn\u011b. P\u0159ece, jen pr\u00e1ce na sv\u00fdch projektech v\u00e1m vyd\u011bl\u00e1 pen\u00edze. Sv\u011b\u0159\u00edte-li sv\u00e9 finance do spr\u00e1vy \u00fa\u010detn\u00ed firmy, budete u\u0161et\u0159eni hromady sv\u00fdch starost\u00ed. A je celkem jedno jestli podnik\u00e1te jako osoba samostatn\u011b v\u00fdd\u011ble\u010dn\u011b \u010dinn\u00e1, nebo jste si pro podnikatelsk\u00fd z\u00e1m\u011br zalo\u017eili pr\u00e1vnickou osobu, spole\u010dnost s ru\u010den\u00edm omezen\u00fdm. V\u017edy to plat\u00ed stejn\u011b. Jen u pr\u00e1vnick\u00fdch osob, bude t\u011bch \u00fa\u010detn\u00edch povinnost\u00ed o pozn\u00e1n\u00ed v\u00edce.  Veden\u00ed \u00fa\u010detnictv\u00ed v Praze prov\u00e1d\u00ed mimo jin\u00e9 tak\u00e9 firma JK Credit spole\u010dnost s ru\u010den\u00edm omezen\u00fdm. Tato spole\u010dnost poskytuje \u00fa\u010detn\u00ed slu\u017eby jak fyzick\u00fdm, tak pr\u00e1vnick\u00fdm osob\u00e1m. Zpracov\u00e1v\u00e1 kompletn\u00ed \u00fa\u010detnictv\u00ed, p\u0159ipravuje da\u0148ov\u00e1 p\u0159izn\u00e1n\u00ed, pod\u00e1v\u00e1 kontroln\u00ed hl\u00e1\u0161en\u00ed, souhrnn\u00e1 hl\u00e1\u0161en\u00ed a v\u016fbec v\u0161eobecn\u011b komunikuje s \u00fa\u0159ady jako je Finan\u010dn\u00ed \u00fa\u0159ad, \u010cesk\u00e1 spr\u00e1va soci\u00e1ln\u00edho poji\u0161t\u011bn\u00ed a komunikuje i se zdravotn\u00edmi poji\u0161\u0165ovnami. Krom\u011b tohoto pap\u00edrov\u00e1n\u00ed v\u00e1m JK Credit spol. s r. o. povede kompletn\u00ed skladovou evidenci. Budete m\u00edt absolutn\u00ed p\u0159ehled o va\u0161ich z\u00e1sob\u00e1ch a rezerv\u00e1ch. Budete zkr\u00e1tka m\u00edt o v\u0161em p\u0159ehled. A to se za m\u011bs\u00ed\u010dn\u00ed poplatek ve v\u00fd\u0161i p\u00e1r stokorun asi vyplat\u00ed, ne? Ve spolupr\u00e1ci s https:\/\/eurovat.info\/.                                                                                                                                                                                                                                                                                                                                                                                          4.3\/5 - (3 votes)        "},{"@context":"https:\/\/schema.org\/","@type":"BreadcrumbList","itemListElement":[{"@type":"ListItem","position":1,"name":"Co s \u00fa\u010detnictv\u00edm?","item":"https:\/\/www.magas.cz\/co-s-ucetnictvim\/#breadcrumbitem"}]}]